{"id":952,"date":"2015-02-27T20:14:22","date_gmt":"2015-02-27T19:14:22","guid":{"rendered":"http:\/\/aeroclub-abbeville.fr\/?p=952"},"modified":"2015-02-27T20:18:12","modified_gmt":"2015-02-27T19:18:12","slug":"debut-de-la-saison-au-vol-a-voile","status":"publish","type":"post","link":"http:\/\/aeroclub-abbeville.fr\/?p=952","title":{"rendered":"D\u00e9but de la saison au vol \u00e0 voile !"},"content":{"rendered":"<p>Nouvelle machine, premier cumulus, premi\u00e8re pompe: la saison commence<br \/>\nEn effet, en d\u00e9but de semaine, un p\u00e9gase \u00e0 rejoint notre hangar. Merci Victor de l&rsquo;avoir remont\u00e9 de St Aub!<br \/>\nCe vendredi 27 f\u00e9vrier, les premiers cumulus ont fait leur apparition dans le ciel Picard. Olivier a donc test\u00e9 notre nouvelle acquisition de l&rsquo;ann\u00e9e par un beau petit vol de 1h20 ! <\/p>\n<p>Nous souhaitons \u00e0 ce planeur plein de beaux vols dans le ciel Picard! <\/p>\n<p><a href=\"http:\/\/aeroclub-abbeville.fr\/wp-content\/uploads\/2015\/02\/IMG_8775.jpg\"><img fetchpriority=\"high\" decoding=\"async\" src=\"http:\/\/aeroclub-abbeville.fr\/wp-content\/uploads\/2015\/02\/IMG_8775-480x319.jpg\" alt=\"IMG_8775\" width=\"480\" height=\"319\" class=\"alignnone size-medium wp-image-953\" srcset=\"http:\/\/aeroclub-abbeville.fr\/wp-content\/uploads\/2015\/02\/IMG_8775-480x319.jpg 480w, http:\/\/aeroclub-abbeville.fr\/wp-content\/uploads\/2015\/02\/IMG_8775-1024x681.jpg 1024w, http:\/\/aeroclub-abbeville.fr\/wp-content\/uploads\/2015\/02\/IMG_8775-624x415.jpg 624w\" sizes=\"(max-width: 480px) 100vw, 480px\" \/><\/a><\/p>\n","protected":false},"excerpt":{"rendered":"<p>Nouvelle machine, premier cumulus, premi\u00e8re pompe: la saison commence En effet, en d\u00e9but de semaine, un p\u00e9gase \u00e0 rejoint notre hangar. Merci Victor de l&rsquo;avoir remont\u00e9 de St Aub! Ce vendredi 27 f\u00e9vrier, les premiers cumulus ont fait leur apparition dans le ciel Picard. Olivier a donc test\u00e9 notre nouvelle acquisition de l&rsquo;ann\u00e9e par un [&hellip;]<\/p>\n","protected":false},"author":4,"featured_media":0,"comment_status":"open","ping_status":"open","sticky":false,"template":"","format":"standard","meta":{"inline_featured_image":false,"footnotes":""},"categories":[13,19],"tags":[],"class_list":["post-952","post","type-post","status-publish","format-standard","hentry","category-planeur","category-vol-a-voile"],"_links":{"self":[{"href":"http:\/\/aeroclub-abbeville.fr\/index.php?rest_route=\/wp\/v2\/posts\/952","targetHints":{"allow":["GET"]}}],"collection":[{"href":"http:\/\/aeroclub-abbeville.fr\/index.php?rest_route=\/wp\/v2\/posts"}],"about":[{"href":"http:\/\/aeroclub-abbeville.fr\/index.php?rest_route=\/wp\/v2\/types\/post"}],"author":[{"embeddable":true,"href":"http:\/\/aeroclub-abbeville.fr\/index.php?rest_route=\/wp\/v2\/users\/4"}],"replies":[{"embeddable":true,"href":"http:\/\/aeroclub-abbeville.fr\/index.php?rest_route=%2Fwp%2Fv2%2Fcomments&post=952"}],"version-history":[{"count":2,"href":"http:\/\/aeroclub-abbeville.fr\/index.php?rest_route=\/wp\/v2\/posts\/952\/revisions"}],"predecessor-version":[{"id":955,"href":"http:\/\/aeroclub-abbeville.fr\/index.php?rest_route=\/wp\/v2\/posts\/952\/revisions\/955"}],"wp:attachment":[{"href":"http:\/\/aeroclub-abbeville.fr\/index.php?rest_route=%2Fwp%2Fv2%2Fmedia&parent=952"}],"wp:term":[{"taxonomy":"category","embeddable":true,"href":"http:\/\/aeroclub-abbeville.fr\/index.php?rest_route=%2Fwp%2Fv2%2Fcategories&post=952"},{"taxonomy":"post_tag","embeddable":true,"href":"http:\/\/aeroclub-abbeville.fr\/index.php?rest_route=%2Fwp%2Fv2%2Ftags&post=952"}],"curies":[{"name":"wp","href":"https:\/\/api.w.org\/{rel}","templated":true}]}}