{"id":959,"date":"2015-03-09T09:59:14","date_gmt":"2015-03-09T08:59:14","guid":{"rendered":"http:\/\/aeroclub-abbeville.fr\/?p=959"},"modified":"2015-03-10T10:59:52","modified_gmt":"2015-03-10T09:59:52","slug":"un-nouveau-ppl-a-arroser","status":"publish","type":"post","link":"http:\/\/aeroclub-abbeville.fr\/?p=959","title":{"rendered":"Un nouveau PPL \u00e0 arroser"},"content":{"rendered":"<h1 style=\"text-align: center;\"><strong>Oyez Oyez !<\/strong><\/h1>\n<p style=\"text-align: center;\"><span style=\"color: #333333;\">Samedi 21 mars \u00e0 18 heures<\/span>, Adrien vous invite \u00e0 partager un moment de convivialit\u00e9 \u00e0 l&rsquo;occasion de l&rsquo;arrosage de son PPL .<\/p>\n<p style=\"text-align: center;\"><a href=\"http:\/\/aeroclub-abbeville.fr\/wp-content\/uploads\/2015\/03\/aperitfadrien.png\"><img fetchpriority=\"high\" decoding=\"async\" class=\"aligncenter size-full wp-image-960\" src=\"http:\/\/aeroclub-abbeville.fr\/wp-content\/uploads\/2015\/03\/aperitfadrien.png\" alt=\"aperitfadrien\" width=\"300\" height=\"300\" srcset=\"http:\/\/aeroclub-abbeville.fr\/wp-content\/uploads\/2015\/03\/aperitfadrien.png 300w, http:\/\/aeroclub-abbeville.fr\/wp-content\/uploads\/2015\/03\/aperitfadrien-150x150.png 150w\" sizes=\"(max-width: 300px) 100vw, 300px\" \/><\/a><\/p>\n<p style=\"text-align: center;\">Notez le sur votre agenda. Oh Yeah !<\/p>\n","protected":false},"excerpt":{"rendered":"<p>Oyez Oyez ! Samedi 21 mars \u00e0 18 heures, Adrien vous invite \u00e0 partager un moment de convivialit\u00e9 \u00e0 l&rsquo;occasion de l&rsquo;arrosage de son PPL . Notez le sur votre agenda. Oh Yeah !<\/p>\n","protected":false},"author":2,"featured_media":0,"comment_status":"open","ping_status":"open","sticky":false,"template":"","format":"standard","meta":{"inline_featured_image":false,"footnotes":""},"categories":[21],"tags":[],"class_list":["post-959","post","type-post","status-publish","format-standard","hentry","category-arrosages-fetes"],"_links":{"self":[{"href":"http:\/\/aeroclub-abbeville.fr\/index.php?rest_route=\/wp\/v2\/posts\/959","targetHints":{"allow":["GET"]}}],"collection":[{"href":"http:\/\/aeroclub-abbeville.fr\/index.php?rest_route=\/wp\/v2\/posts"}],"about":[{"href":"http:\/\/aeroclub-abbeville.fr\/index.php?rest_route=\/wp\/v2\/types\/post"}],"author":[{"embeddable":true,"href":"http:\/\/aeroclub-abbeville.fr\/index.php?rest_route=\/wp\/v2\/users\/2"}],"replies":[{"embeddable":true,"href":"http:\/\/aeroclub-abbeville.fr\/index.php?rest_route=%2Fwp%2Fv2%2Fcomments&post=959"}],"version-history":[{"count":5,"href":"http:\/\/aeroclub-abbeville.fr\/index.php?rest_route=\/wp\/v2\/posts\/959\/revisions"}],"predecessor-version":[{"id":967,"href":"http:\/\/aeroclub-abbeville.fr\/index.php?rest_route=\/wp\/v2\/posts\/959\/revisions\/967"}],"wp:attachment":[{"href":"http:\/\/aeroclub-abbeville.fr\/index.php?rest_route=%2Fwp%2Fv2%2Fmedia&parent=959"}],"wp:term":[{"taxonomy":"category","embeddable":true,"href":"http:\/\/aeroclub-abbeville.fr\/index.php?rest_route=%2Fwp%2Fv2%2Fcategories&post=959"},{"taxonomy":"post_tag","embeddable":true,"href":"http:\/\/aeroclub-abbeville.fr\/index.php?rest_route=%2Fwp%2Fv2%2Ftags&post=959"}],"curies":[{"name":"wp","href":"https:\/\/api.w.org\/{rel}","templated":true}]}}