{"id":962,"date":"2015-03-09T12:00:31","date_gmt":"2015-03-09T11:00:31","guid":{"rendered":"http:\/\/aeroclub-abbeville.fr\/?p=962"},"modified":"2015-03-14T09:48:18","modified_gmt":"2015-03-14T08:48:18","slug":"reprise-de-debut-de-saison","status":"publish","type":"post","link":"http:\/\/aeroclub-abbeville.fr\/?p=962","title":{"rendered":"Reprise de d\u00e9but de saison"},"content":{"rendered":"<p>Avec le retour des beaux jours, l\u2019envie de reprendre les commandes d\u2019un avion va de nouveau vous chatouiller.<\/p>\n<h2>Avion<\/h2>\n<p>Si vous n\u2019avez pas vol\u00e9 depuis 3 mois, pensez \u00e0 prendre rendez-vous avec un instructeur pour une petite s\u00e9ance de reprise en mains. Il ne s\u2019agit pas d\u2019un test, mais d\u2019un r\u00e9entra\u00eenement.<\/p>\n<h2>ULM<\/h2>\n<p>Il est <strong>vivement recommand\u00e9<\/strong> de faire un ou plusieurs vols d&rsquo;entra\u00eenement, dans le cas o\u00f9 vous n&rsquo;avez pas vol\u00e9 depuis longtemps (au moins 3 mois). Prenez rendez-vous avec une des personnes suivantes :<br \/>\n&#8211; Jean-Pierre LIGNIER : 06 75 29 84 90<br \/>\n&#8211; Fran\u00e7ois DUVOLLET : 06 81 90 80 63<br \/>\n&#8211; Daniel TELLIER : 06 12 01 37 22<\/p>\n<p>&nbsp;<\/p>\n","protected":false},"excerpt":{"rendered":"<p>Avec le retour des beaux jours, l\u2019envie de reprendre les commandes d\u2019un avion va de nouveau vous chatouiller. Avion Si vous n\u2019avez pas vol\u00e9 depuis 3 mois, pensez \u00e0 prendre rendez-vous avec un instructeur pour une petite s\u00e9ance de reprise en mains. Il ne s\u2019agit pas d\u2019un test, mais d\u2019un r\u00e9entra\u00eenement. ULM Il est vivement [&hellip;]<\/p>\n","protected":false},"author":2,"featured_media":0,"comment_status":"open","ping_status":"open","sticky":false,"template":"","format":"standard","meta":{"inline_featured_image":false,"footnotes":""},"categories":[2,15,16],"tags":[],"class_list":["post-962","post","type-post","status-publish","format-standard","hentry","category-avion","category-reglementation","category-securite"],"_links":{"self":[{"href":"http:\/\/aeroclub-abbeville.fr\/index.php?rest_route=\/wp\/v2\/posts\/962","targetHints":{"allow":["GET"]}}],"collection":[{"href":"http:\/\/aeroclub-abbeville.fr\/index.php?rest_route=\/wp\/v2\/posts"}],"about":[{"href":"http:\/\/aeroclub-abbeville.fr\/index.php?rest_route=\/wp\/v2\/types\/post"}],"author":[{"embeddable":true,"href":"http:\/\/aeroclub-abbeville.fr\/index.php?rest_route=\/wp\/v2\/users\/2"}],"replies":[{"embeddable":true,"href":"http:\/\/aeroclub-abbeville.fr\/index.php?rest_route=%2Fwp%2Fv2%2Fcomments&post=962"}],"version-history":[{"count":3,"href":"http:\/\/aeroclub-abbeville.fr\/index.php?rest_route=\/wp\/v2\/posts\/962\/revisions"}],"predecessor-version":[{"id":969,"href":"http:\/\/aeroclub-abbeville.fr\/index.php?rest_route=\/wp\/v2\/posts\/962\/revisions\/969"}],"wp:attachment":[{"href":"http:\/\/aeroclub-abbeville.fr\/index.php?rest_route=%2Fwp%2Fv2%2Fmedia&parent=962"}],"wp:term":[{"taxonomy":"category","embeddable":true,"href":"http:\/\/aeroclub-abbeville.fr\/index.php?rest_route=%2Fwp%2Fv2%2Fcategories&post=962"},{"taxonomy":"post_tag","embeddable":true,"href":"http:\/\/aeroclub-abbeville.fr\/index.php?rest_route=%2Fwp%2Fv2%2Ftags&post=962"}],"curies":[{"name":"wp","href":"https:\/\/api.w.org\/{rel}","templated":true}]}}