{"id":978,"date":"2015-04-07T18:10:41","date_gmt":"2015-04-07T17:10:41","guid":{"rendered":"http:\/\/aeroclub-abbeville.fr\/?p=978"},"modified":"2015-04-07T18:10:41","modified_gmt":"2015-04-07T17:10:41","slug":"a-noter-dans-votre-agenda","status":"publish","type":"post","link":"http:\/\/aeroclub-abbeville.fr\/?p=978","title":{"rendered":"A noter dans votre agenda"},"content":{"rendered":"<p>Avec le retour du soleil, des beaux jours, du printemps, des p\u00e2querettes et des petits oiseaux, l\u2019activit\u00e9 a\u00e9rienne reprend de plus belle.<br \/>\nNous vous souhaitons de beaux vols.<br \/>\n<strong>Quelques informations utiles :<\/strong><\/p>\n<p><strong>Manifestations pr\u00e9vues sur la plateforme :<\/strong><br \/>\n<strong>Parachutisme<\/strong> : les 01, 02 et 03 mai<br \/>\n05, 06 et 07 juin<br \/>\ndu 12 au 17 juillet<br \/>\ndu 24 au 26 juillet<br \/>\ndu 01 au 02 ao\u00fbt<br \/>\ndu 16 au 21 ao\u00fbt<\/p>\n<p><strong>Troph\u00e9e Schneider<\/strong> (A\u00e9roclub Royal Britannique)<br \/>\ndu 08 au 10 mai<\/p>\n<p><strong>Rencontre Bull Chipmeet<\/strong> (tr\u00e8s forte activit\u00e9)<br \/>\ndu 12 au 17 mai.<\/p>\n<p>Durant ces manifestations l\u2019a\u00e9rodrome restera ouvert \u00e0 la C.A.P., avec \u00e0 certains moments, des restrictions de d\u00e9collages\/atterrissages ou d\u2019\u00e9volutions \u00e0 la verticale.<br \/>\nPlus que jamais la veille radio sera n\u00e9cessaire.<\/p>\n<p><strong>Travaux :<\/strong><br \/>\nLe service des bases de la DGAC vient de nous informer qu\u2019il proc\u00e8dera \u00e0 un resurfa\u00e7age des pistes en herbe au cours du 2\u00e8me trimestre (dates non pr\u00e9cis\u00e9es \u00e0 ce jour).<br \/>\nAttention ! Les pistes en herbe seront ferm\u00e9es pendant ces travaux qui devraient probablement s\u2019\u00e9taler sur 1 mois.<\/p>\n","protected":false},"excerpt":{"rendered":"<p>Avec le retour du soleil, des beaux jours, du printemps, des p\u00e2querettes et des petits oiseaux, l\u2019activit\u00e9 a\u00e9rienne reprend de plus belle. Nous vous souhaitons de beaux vols. Quelques informations utiles : Manifestations pr\u00e9vues sur la plateforme : Parachutisme : les 01, 02 et 03 mai 05, 06 et 07 juin du 12 au 17 [&hellip;]<\/p>\n","protected":false},"author":2,"featured_media":0,"comment_status":"open","ping_status":"open","sticky":false,"template":"","format":"standard","meta":{"inline_featured_image":false,"footnotes":""},"categories":[3,10,11,16],"tags":[],"class_list":["post-978","post","type-post","status-publish","format-standard","hentry","category-club","category-infrastructures-et-batiments","category-manifestations","category-securite"],"_links":{"self":[{"href":"http:\/\/aeroclub-abbeville.fr\/index.php?rest_route=\/wp\/v2\/posts\/978","targetHints":{"allow":["GET"]}}],"collection":[{"href":"http:\/\/aeroclub-abbeville.fr\/index.php?rest_route=\/wp\/v2\/posts"}],"about":[{"href":"http:\/\/aeroclub-abbeville.fr\/index.php?rest_route=\/wp\/v2\/types\/post"}],"author":[{"embeddable":true,"href":"http:\/\/aeroclub-abbeville.fr\/index.php?rest_route=\/wp\/v2\/users\/2"}],"replies":[{"embeddable":true,"href":"http:\/\/aeroclub-abbeville.fr\/index.php?rest_route=%2Fwp%2Fv2%2Fcomments&post=978"}],"version-history":[{"count":1,"href":"http:\/\/aeroclub-abbeville.fr\/index.php?rest_route=\/wp\/v2\/posts\/978\/revisions"}],"predecessor-version":[{"id":979,"href":"http:\/\/aeroclub-abbeville.fr\/index.php?rest_route=\/wp\/v2\/posts\/978\/revisions\/979"}],"wp:attachment":[{"href":"http:\/\/aeroclub-abbeville.fr\/index.php?rest_route=%2Fwp%2Fv2%2Fmedia&parent=978"}],"wp:term":[{"taxonomy":"category","embeddable":true,"href":"http:\/\/aeroclub-abbeville.fr\/index.php?rest_route=%2Fwp%2Fv2%2Fcategories&post=978"},{"taxonomy":"post_tag","embeddable":true,"href":"http:\/\/aeroclub-abbeville.fr\/index.php?rest_route=%2Fwp%2Fv2%2Ftags&post=978"}],"curies":[{"name":"wp","href":"https:\/\/api.w.org\/{rel}","templated":true}]}}