{"id":997,"date":"2015-04-25T06:35:41","date_gmt":"2015-04-25T05:35:41","guid":{"rendered":"http:\/\/aeroclub-abbeville.fr\/?p=997"},"modified":"2015-04-25T06:43:45","modified_gmt":"2015-04-25T05:43:45","slug":"meteo-du-week-end","status":"publish","type":"post","link":"http:\/\/aeroclub-abbeville.fr\/?p=997","title":{"rendered":"M\u00e9t\u00e9o du week-end"},"content":{"rendered":"<p>Pourra-t-on voler ce week-end ? Il est d\u00e9sormais possible d&rsquo;anticiper la r\u00e9ponse avec une bonne fiabilit\u00e9.<\/p>\n<p>Le site <a href=\"http:\/\/www.aerovfr.com\">aeroVFR<\/a> tenu par le journaliste a\u00e9ronautique Fran\u00e7ois BESSE propose chaque semaine une page <a href=\"http:\/\/www.aerovfr.com\/meteo-du-week-end\/\">METEO DU WEEK-END<\/a>. \u00a0 La mise \u00e0 jour a lieu le mercredi soir.<\/p>\n<p>Nous devons cette initiative \u00e0 Jean-Philippe Chivot qui en assure la r\u00e9alisation \u00e0 partir des donn\u00e9es de la <a href=\"http:\/\/www.noaa.gov\/\">NOAA<\/a>.<a href=\"http:\/\/www.aerovfr.com\/meteo-du-week-end\/\"><img decoding=\"async\" class=\"aligncenter size-full wp-image-998\" src=\"http:\/\/aeroclub-abbeville.fr\/wp-content\/uploads\/2015\/04\/meteoduwe.jpg\" alt=\"meteoduwe\" width=\"135\" height=\"135\" \/><\/a> Un lien a \u00e9t\u00e9 ajout\u00e9 dans la page <a title=\"M\u00e9t\u00e9orologie\" href=\"http:\/\/aeroclub-abbeville.fr\/?page_id=222\">Pratique\/M\u00e9t\u00e9orologie<\/a>.<\/p>\n","protected":false},"excerpt":{"rendered":"<p>Pourra-t-on voler ce week-end ? Il est d\u00e9sormais possible d&rsquo;anticiper la r\u00e9ponse avec une bonne fiabilit\u00e9. Le site aeroVFR tenu par le journaliste a\u00e9ronautique Fran\u00e7ois BESSE propose chaque semaine une page METEO DU WEEK-END. \u00a0 La mise \u00e0 jour a lieu le mercredi soir. Nous devons cette initiative \u00e0 Jean-Philippe Chivot qui en assure la [&hellip;]<\/p>\n","protected":false},"author":2,"featured_media":0,"comment_status":"open","ping_status":"open","sticky":false,"template":"","format":"standard","meta":{"inline_featured_image":false,"footnotes":""},"categories":[1],"tags":[],"class_list":["post-997","post","type-post","status-publish","format-standard","hentry","category-non-classe"],"_links":{"self":[{"href":"http:\/\/aeroclub-abbeville.fr\/index.php?rest_route=\/wp\/v2\/posts\/997","targetHints":{"allow":["GET"]}}],"collection":[{"href":"http:\/\/aeroclub-abbeville.fr\/index.php?rest_route=\/wp\/v2\/posts"}],"about":[{"href":"http:\/\/aeroclub-abbeville.fr\/index.php?rest_route=\/wp\/v2\/types\/post"}],"author":[{"embeddable":true,"href":"http:\/\/aeroclub-abbeville.fr\/index.php?rest_route=\/wp\/v2\/users\/2"}],"replies":[{"embeddable":true,"href":"http:\/\/aeroclub-abbeville.fr\/index.php?rest_route=%2Fwp%2Fv2%2Fcomments&post=997"}],"version-history":[{"count":5,"href":"http:\/\/aeroclub-abbeville.fr\/index.php?rest_route=\/wp\/v2\/posts\/997\/revisions"}],"predecessor-version":[{"id":1005,"href":"http:\/\/aeroclub-abbeville.fr\/index.php?rest_route=\/wp\/v2\/posts\/997\/revisions\/1005"}],"wp:attachment":[{"href":"http:\/\/aeroclub-abbeville.fr\/index.php?rest_route=%2Fwp%2Fv2%2Fmedia&parent=997"}],"wp:term":[{"taxonomy":"category","embeddable":true,"href":"http:\/\/aeroclub-abbeville.fr\/index.php?rest_route=%2Fwp%2Fv2%2Fcategories&post=997"},{"taxonomy":"post_tag","embeddable":true,"href":"http:\/\/aeroclub-abbeville.fr\/index.php?rest_route=%2Fwp%2Fv2%2Ftags&post=997"}],"curies":[{"name":"wp","href":"https:\/\/api.w.org\/{rel}","templated":true}]}}